{"id":3802,"date":"2018-03-01T17:02:27","date_gmt":"2018-03-01T17:02:27","guid":{"rendered":"https:\/\/protecna.pt\/40-ans-de-protecna\/"},"modified":"2022-03-31T12:14:08","modified_gmt":"2022-03-31T12:14:08","slug":"40-ans-de-protecna","status":"publish","type":"post","link":"https:\/\/protecna.pt\/fr\/40-ans-de-protecna\/","title":{"rendered":"40 ans de Protecna"},"content":{"rendered":"<p>Protecna c\u00e9l\u00e9brera son 40e anniversaire au Club Farense de Faro le 23 mars, o\u00f9 la nouvelle image de l&rsquo;entreprise sera pr\u00e9sent\u00e9e, ainsi que la nouvelle application d\u00e9velopp\u00e9e pour soutenir le r\u00f4le de chef de projet.<br \/>\nRassemblons nos collaborateurs, clients, partenaires et amis qui ont accompagn\u00e9 l&rsquo;entreprise tout au long de son existence.<\/p>\n","protected":false},"excerpt":{"rendered":"<p>Protecna c\u00e9l\u00e9brera son 40e anniversaire au Club Farense de Faro le 23 mars, o\u00f9 la nouvelle image de l&rsquo;entreprise sera pr\u00e9sent\u00e9e, ainsi que la nouvelle application d\u00e9velopp\u00e9e pour soutenir le r\u00f4le de chef de projet. Rassemblons nos collaborateurs, clients, partenaires et amis qui ont accompagn\u00e9 l&rsquo;entreprise tout au long de son existence.<\/p>\n","protected":false},"author":2,"featured_media":1735,"comment_status":"open","ping_status":"open","sticky":false,"template":"","format":"standard","meta":{"footnotes":""},"categories":[2],"tags":[],"class_list":["post-3802","post","type-post","status-publish","format-standard","has-post-thumbnail","hentry","category-news"],"_links":{"self":[{"href":"https:\/\/protecna.pt\/fr\/wp-json\/wp\/v2\/posts\/3802"}],"collection":[{"href":"https:\/\/protecna.pt\/fr\/wp-json\/wp\/v2\/posts"}],"about":[{"href":"https:\/\/protecna.pt\/fr\/wp-json\/wp\/v2\/types\/post"}],"author":[{"embeddable":true,"href":"https:\/\/protecna.pt\/fr\/wp-json\/wp\/v2\/users\/2"}],"replies":[{"embeddable":true,"href":"https:\/\/protecna.pt\/fr\/wp-json\/wp\/v2\/comments?post=3802"}],"version-history":[{"count":1,"href":"https:\/\/protecna.pt\/fr\/wp-json\/wp\/v2\/posts\/3802\/revisions"}],"predecessor-version":[{"id":4158,"href":"https:\/\/protecna.pt\/fr\/wp-json\/wp\/v2\/posts\/3802\/revisions\/4158"}],"wp:featuredmedia":[{"embeddable":true,"href":"https:\/\/protecna.pt\/fr\/wp-json\/wp\/v2\/media\/1735"}],"wp:attachment":[{"href":"https:\/\/protecna.pt\/fr\/wp-json\/wp\/v2\/media?parent=3802"}],"wp:term":[{"taxonomy":"category","embeddable":true,"href":"https:\/\/protecna.pt\/fr\/wp-json\/wp\/v2\/categories?post=3802"},{"taxonomy":"post_tag","embeddable":true,"href":"https:\/\/protecna.pt\/fr\/wp-json\/wp\/v2\/tags?post=3802"}],"curies":[{"name":"wp","href":"https:\/\/api.w.org\/{rel}","templated":true}]}}